{"id":157,"date":"2014-10-13T22:43:16","date_gmt":"2014-10-13T22:43:16","guid":{"rendered":"http:\/\/bozsofalvi.hu\/home\/?p=157"},"modified":"2016-04-05T10:24:31","modified_gmt":"2016-04-05T10:24:31","slug":"veszo-festes","status":"publish","type":"post","link":"https:\/\/bozsofalvi.hu\/home\/2014\/10\/13\/veszo-festes\/","title":{"rendered":"Vesz\u0151 fest\u00e9s"},"content":{"rendered":"<h4>\n\tEddig a vessz\u0151imet nem festettem, lakkoztam, semmilyen bevonattal nem l&aacute;ttam el. De t&ouml;rt&eacute;nt valami, ami miatt r&aacute;j&ouml;ttem, hogy sz&uuml;ks&eacute;ges bevonni a vessz\u0151t.<br \/>\n<\/h4>\n<h4>\n\tAz egyik versenyen bemeleg&iacute;t&eacute;skor mind az &ouml;t vessz\u0151m ell\u0151ttem. H&uacute;z&aacute;skor &eacute;n h&uacute;ztam a t&aacute;bl&aacute;b&oacute;l a vessz\u0151ket. A saj&aacute;tjaimat is odaadattam valakink, aki sz&eacute;pen letette a f\u0171be. A harmatos, vizes f\u0171ben a vessz\u0151k megsz&iacute;vt&aacute;k magukat. Sajnos ez azt eredm&eacute;nyezte, hogy el\u0151sz&ouml;r a vessz\u0151k nehezebbek voltak a megszokottn&aacute;l, majd ahogy sz&aacute;radtak egyre k&ouml;nnyebbek lettek. Term&eacute;szetesen a sz&aacute;rad&aacute;s vessz\u0151nk&eacute;nt elt&eacute;rt. Nem &aacute;ll&iacute;tom, hogy hatalmas probl&eacute;m&aacute;kat okozott, de &eacute;reztem a vessz\u0151k&ouml;n, hogy valami nincs rendben.<br \/>\n<\/h4>\n<h4>\n\tEkkor j&ouml;tt az &ouml;tlet, hogy valamivel be kell festeni. Szerencs&eacute;re kaptam seg&iacute;ts&eacute;get fest\u0151t\u0151l is. A gond, hogy a vessz\u0151 ne vesz&iacute;tse el a rugalmass&aacute;g&aacute;t, &eacute;s a s&uacute;lya sem v&aacute;ltozhat sokat. Az eredeti vessz\u0151m s&uacute;lya 26g volt. Festve 32g lett. M&eacute;g mindig k&ouml;nnyebb, mint a boltban kaphat&oacute; azonos m&eacute;ret\u0171 vessz\u0151k.<br \/>\n<\/h4>\n<h4>\n\t&nbsp;<br \/>\n<\/h4>\n<h4>\n\tIgaz&aacute;b&oacute;l nem is fest&eacute;s lett a megold&aacute;sa. Ha nem &aacute;ztat&aacute;s. &Uacute;gy l&aacute;tszik, hogy a lenolajkence, ami bev&aacute;lik. De nem akarok senkit t&eacute;v&uacute;tra vinni, &iacute;gy ink&aacute;bb a k&iacute;s&eacute;rletez&eacute;st aj&aacute;nlom. M&eacute;g &eacute;n is kipr&oacute;b&aacute;lok 1-2 anyagot.<br \/>\n<\/h4>\n<h4>\n\t&Eacute;n &uacute;gy csin&aacute;lom, hogy fogtam egy 22 mm &aacute;tm&eacute;r\u0151j\u0171 cs&ouml;vet, &eacute;s ledug&oacute;ztam az egyik v&eacute;g&eacute;t. A dug&oacute;t b&aacute;rmelyik boltban meglehet kapnia hol f\u0171t&eacute;s szerelv&eacute;nnyel foglalkoznak.<br \/>\n<\/h4>\n<h4>\n\t&nbsp;A cs\u0151 hossza megegyezik a nyers vessz\u0151 hossz&aacute;val, 80 cm.<br \/>\n<\/h4>\n<div id=\"attachment_158\" style=\"width: 155px\" class=\"wp-caption alignnone\"><img loading=\"lazy\" decoding=\"async\" aria-describedby=\"caption-attachment-158\" class=\"wp-image-158 size-medium wp-caption alignnone\" src=\"http:\/\/bozsofalvi.hu\/home\/wp-content\/uploads\/2014\/10\/cso-145x300.jpg\" alt=\"cso\" width=\"145\" height=\"300\" srcset=\"https:\/\/bozsofalvi.hu\/home\/wp-content\/uploads\/2014\/10\/cso-145x300.jpg 145w, https:\/\/bozsofalvi.hu\/home\/wp-content\/uploads\/2014\/10\/cso.jpg 396w\" sizes=\"auto, (max-width: 145px) 100vw, 145px\" \/><p id=\"caption-attachment-158\" class=\"wp-caption-text\">CS\u0151<\/p><\/div>\n<div id=\"attachment_159\" style=\"width: 310px\" class=\"wp-caption alignnone\"><img loading=\"lazy\" decoding=\"async\" aria-describedby=\"caption-attachment-159\" class=\"wp-image-159 size-medium wp-caption alignnone\" src=\"http:\/\/bozsofalvi.hu\/home\/wp-content\/uploads\/2014\/10\/dugo-300x236.jpg\" alt=\"dugo\" width=\"300\" height=\"236\" srcset=\"https:\/\/bozsofalvi.hu\/home\/wp-content\/uploads\/2014\/10\/dugo-300x236.jpg 300w, https:\/\/bozsofalvi.hu\/home\/wp-content\/uploads\/2014\/10\/dugo.jpg 766w\" sizes=\"auto, (max-width: 300px) 100vw, 300px\" \/><p id=\"caption-attachment-159\" class=\"wp-caption-text\">Dug&amp;oacute; a cs\u0151 alj&amp;aacute;ra<\/p><\/div>\n<h4>\n\tHa ez megvan m&aacute;r nincs egy&eacute;b teend\u0151nk, mint felt&ouml;lteni a cs&ouml;vet a v&aacute;lasztott fest&eacute;kanyaggal. &Eacute;n 24 &oacute;r&aacute;t hagyom &aacute;zni a testet. A fest\u0151 ismer\u0151s&ouml;m szerint KB 1mm m&eacute;lyen hatol be a vessz\u0151 anyag&aacute;ba a fest&eacute;k.<br \/>\n<\/h4>\n<h4>\n\tKB 48 &oacute;ra sz&aacute;rad&aacute;s kell neki. Legal&aacute;bb is &eacute;n ennyit hagyom l&oacute;gni, &iacute;gy sz&eacute;pen lecs&ouml;p&ouml;g, &eacute;s megsz&aacute;rad. A v&eacute;g&eacute;n kapunk egy sima fel&uuml;letet a vesz\u0151 testen.<br \/>\n<\/h4>\n<h4>\n\t&nbsp;Term&eacute;szetesen a vesz\u0151t k&eacute;szre v&aacute;gva, field sz&aacute;m&aacute;ra kihegyezve, &eacute;s a nock kiv&aacute;g&aacute;sa ut&aacute;n &aacute;ztatom.<br \/>\n<\/h4>\n<h4>\n\tA nockot nem &aacute;ztatom be (fa nock). A m\u0171anyag nock eset&eacute;n azt is kihegyezem. Sz&aacute;rad&aacute;s ut&aacute;n a ragaszt&oacute;k &uacute;gyan olyan j&oacute;l megfogj&aacute;k a hegyet, &eacute;s a tollakat.<br \/>\n<\/h4>\n<h4>\n\t&nbsp;<br \/>\n<\/h4>\n<h4>\n\tAz&eacute;rt a nyers vesz\u0151 m&eacute;ret&eacute;t vettem a cs\u0151 hossz&aacute;nak, mert a vessz\u0151testr\u0151l k&uuml;l&ouml;nb&ouml;z\u0151 szennyez\u0151d&eacute;sek v&aacute;llnak le, &eacute;s &iacute;gy van az alj&aacute;n egy kis hely, ahol le&uuml;lepedhet.<br \/>\n<\/h4>\n<h4>\n\t&nbsp;<br \/>\n<\/h4>\n<h6>\n\tV.4.0<br \/>\n<\/h6>\n","protected":false},"excerpt":{"rendered":"<p>Eddig a vessz\u0151imet nem festettem, lakkoztam, semmilyen bevonattal nem l&aacute;ttam el. De t&ouml;rt&eacute;nt valami, ami miatt r&aacute;j&ouml;ttem, hogy sz&uuml;ks&eacute;ges bevonni a vessz\u0151t. Az egyik versenyen bemeleg&iacute;t&eacute;skor mind az &ouml;t vessz\u0151m ell\u0151ttem. H&uacute;z&aacute;skor &eacute;n h&uacute;ztam a t&aacute;bl&aacute;b&oacute;l a vessz\u0151ket. A saj&aacute;tjaimat is odaadattam valakink, aki sz&eacute;pen letette a f\u0171be. A harmatos, vizes f\u0171ben a vessz\u0151k megsz&iacute;vt&aacute;k &hellip; <a href=\"https:\/\/bozsofalvi.hu\/home\/2014\/10\/13\/veszo-festes\/\" class=\"more-link\">B\u0151vebben&#8230; <span class=\"meta-nav\">&rarr;<\/span><\/a><\/p>\n","protected":false},"author":2,"featured_media":0,"comment_status":"closed","ping_status":"closed","sticky":false,"template":"","format":"standard","meta":{"footnotes":""},"categories":[12],"tags":[],"class_list":["post-157","post","type-post","status-publish","format-standard","hentry","category-nyilvesszo-keszites"],"yoast_head":"<!-- This site is optimized with the Yoast SEO plugin v27.3 - https:\/\/yoast.com\/product\/yoast-seo-wordpress\/ -->\n<title>Vesz\u0151 fest\u00e9s<\/title>\n<meta name=\"description\" content=\"Vesz\u0151 fest\u00e9s\" \/>\n<meta name=\"robots\" content=\"index, follow, max-snippet:-1, max-image-preview:large, max-video-preview:-1\" \/>\n<link rel=\"canonical\" href=\"https:\/\/bozsofalvi.hu\/home\/2014\/10\/13\/veszo-festes\/\" \/>\n<meta property=\"og:locale\" content=\"hu_HU\" \/>\n<meta property=\"og:type\" content=\"article\" \/>\n<meta property=\"og:title\" content=\"Vesz\u0151 fest\u00e9s\" \/>\n<meta property=\"og:description\" content=\"Vesz\u0151 fest\u00e9s\" \/>\n<meta property=\"og:url\" content=\"https:\/\/bozsofalvi.hu\/home\/2014\/10\/13\/veszo-festes\/\" \/>\n<meta property=\"og:site_name\" content=\"\u00cdj\u00e1sz port\u00e1l\" \/>\n<meta property=\"article:published_time\" content=\"2014-10-13T22:43:16+00:00\" \/>\n<meta property=\"article:modified_time\" content=\"2016-04-05T10:24:31+00:00\" \/>\n<meta property=\"og:image\" content=\"http:\/\/bozsofalvi.hu\/home\/wp-content\/uploads\/2014\/10\/cso-145x300.jpg\" \/>\n<meta name=\"author\" content=\"Bozs\u00f3ky Zolt\u00e1n\" \/>\n<meta name=\"twitter:label1\" content=\"Szerz\u0151:\" \/>\n\t<meta name=\"twitter:data1\" content=\"Bozs\u00f3ky Zolt\u00e1n\" \/>\n\t<meta name=\"twitter:label2\" content=\"Becs\u00fclt olvas\u00e1si id\u0151\" \/>\n\t<meta name=\"twitter:data2\" content=\"3 perc\" \/>\n<script type=\"application\/ld+json\" class=\"yoast-schema-graph\">{\"@context\":\"https:\\\/\\\/schema.org\",\"@graph\":[{\"@type\":\"Article\",\"@id\":\"https:\\\/\\\/bozsofalvi.hu\\\/home\\\/2014\\\/10\\\/13\\\/veszo-festes\\\/#article\",\"isPartOf\":{\"@id\":\"https:\\\/\\\/bozsofalvi.hu\\\/home\\\/2014\\\/10\\\/13\\\/veszo-festes\\\/\"},\"author\":{\"name\":\"Bozs\u00f3ky Zolt\u00e1n\",\"@id\":\"https:\\\/\\\/bozsofalvi.hu\\\/home\\\/#\\\/schema\\\/person\\\/346f9b7d2b5fad6ca8191a59985f98a8\"},\"headline\":\"Vesz\u0151 fest\u00e9s\",\"datePublished\":\"2014-10-13T22:43:16+00:00\",\"dateModified\":\"2016-04-05T10:24:31+00:00\",\"mainEntityOfPage\":{\"@id\":\"https:\\\/\\\/bozsofalvi.hu\\\/home\\\/2014\\\/10\\\/13\\\/veszo-festes\\\/\"},\"wordCount\":666,\"image\":{\"@id\":\"https:\\\/\\\/bozsofalvi.hu\\\/home\\\/2014\\\/10\\\/13\\\/veszo-festes\\\/#primaryimage\"},\"thumbnailUrl\":\"http:\\\/\\\/bozsofalvi.hu\\\/home\\\/wp-content\\\/uploads\\\/2014\\\/10\\\/cso-145x300.jpg\",\"articleSection\":[\"Ny\u00edlvessz\u0151 k\u00e9sz\u00edt\u00e9s\"],\"inLanguage\":\"hu\"},{\"@type\":\"WebPage\",\"@id\":\"https:\\\/\\\/bozsofalvi.hu\\\/home\\\/2014\\\/10\\\/13\\\/veszo-festes\\\/\",\"url\":\"https:\\\/\\\/bozsofalvi.hu\\\/home\\\/2014\\\/10\\\/13\\\/veszo-festes\\\/\",\"name\":\"Vesz\u0151 fest\u00e9s\",\"isPartOf\":{\"@id\":\"https:\\\/\\\/bozsofalvi.hu\\\/home\\\/#website\"},\"primaryImageOfPage\":{\"@id\":\"https:\\\/\\\/bozsofalvi.hu\\\/home\\\/2014\\\/10\\\/13\\\/veszo-festes\\\/#primaryimage\"},\"image\":{\"@id\":\"https:\\\/\\\/bozsofalvi.hu\\\/home\\\/2014\\\/10\\\/13\\\/veszo-festes\\\/#primaryimage\"},\"thumbnailUrl\":\"http:\\\/\\\/bozsofalvi.hu\\\/home\\\/wp-content\\\/uploads\\\/2014\\\/10\\\/cso-145x300.jpg\",\"datePublished\":\"2014-10-13T22:43:16+00:00\",\"dateModified\":\"2016-04-05T10:24:31+00:00\",\"author\":{\"@id\":\"https:\\\/\\\/bozsofalvi.hu\\\/home\\\/#\\\/schema\\\/person\\\/346f9b7d2b5fad6ca8191a59985f98a8\"},\"description\":\"Vesz\u0151 fest\u00e9s\",\"breadcrumb\":{\"@id\":\"https:\\\/\\\/bozsofalvi.hu\\\/home\\\/2014\\\/10\\\/13\\\/veszo-festes\\\/#breadcrumb\"},\"inLanguage\":\"hu\",\"potentialAction\":[{\"@type\":\"ReadAction\",\"target\":[\"https:\\\/\\\/bozsofalvi.hu\\\/home\\\/2014\\\/10\\\/13\\\/veszo-festes\\\/\"]}]},{\"@type\":\"ImageObject\",\"inLanguage\":\"hu\",\"@id\":\"https:\\\/\\\/bozsofalvi.hu\\\/home\\\/2014\\\/10\\\/13\\\/veszo-festes\\\/#primaryimage\",\"url\":\"http:\\\/\\\/bozsofalvi.hu\\\/home\\\/wp-content\\\/uploads\\\/2014\\\/10\\\/cso-145x300.jpg\",\"contentUrl\":\"http:\\\/\\\/bozsofalvi.hu\\\/home\\\/wp-content\\\/uploads\\\/2014\\\/10\\\/cso-145x300.jpg\"},{\"@type\":\"BreadcrumbList\",\"@id\":\"https:\\\/\\\/bozsofalvi.hu\\\/home\\\/2014\\\/10\\\/13\\\/veszo-festes\\\/#breadcrumb\",\"itemListElement\":[{\"@type\":\"ListItem\",\"position\":1,\"name\":\"Kezd\u0151lap\",\"item\":\"https:\\\/\\\/bozsofalvi.hu\\\/home\\\/\"},{\"@type\":\"ListItem\",\"position\":2,\"name\":\"Vesz\u0151 fest\u00e9s\"}]},{\"@type\":\"WebSite\",\"@id\":\"https:\\\/\\\/bozsofalvi.hu\\\/home\\\/#website\",\"url\":\"https:\\\/\\\/bozsofalvi.hu\\\/home\\\/\",\"name\":\"\u00cdj\u00e1sz port\u00e1l\",\"description\":\"\",\"potentialAction\":[{\"@type\":\"SearchAction\",\"target\":{\"@type\":\"EntryPoint\",\"urlTemplate\":\"https:\\\/\\\/bozsofalvi.hu\\\/home\\\/?s={search_term_string}\"},\"query-input\":{\"@type\":\"PropertyValueSpecification\",\"valueRequired\":true,\"valueName\":\"search_term_string\"}}],\"inLanguage\":\"hu\"},{\"@type\":\"Person\",\"@id\":\"https:\\\/\\\/bozsofalvi.hu\\\/home\\\/#\\\/schema\\\/person\\\/346f9b7d2b5fad6ca8191a59985f98a8\",\"name\":\"Bozs\u00f3ky Zolt\u00e1n\",\"image\":{\"@type\":\"ImageObject\",\"inLanguage\":\"hu\",\"@id\":\"https:\\\/\\\/secure.gravatar.com\\\/avatar\\\/9a1b8f2033e7fb9a43c1bbfbe2413fddf3f1f415fe7f6ce26552efaf483229b7?s=96&d=mm&r=g\",\"url\":\"https:\\\/\\\/secure.gravatar.com\\\/avatar\\\/9a1b8f2033e7fb9a43c1bbfbe2413fddf3f1f415fe7f6ce26552efaf483229b7?s=96&d=mm&r=g\",\"contentUrl\":\"https:\\\/\\\/secure.gravatar.com\\\/avatar\\\/9a1b8f2033e7fb9a43c1bbfbe2413fddf3f1f415fe7f6ce26552efaf483229b7?s=96&d=mm&r=g\",\"caption\":\"Bozs\u00f3ky Zolt\u00e1n\"},\"sameAs\":[\"http:\\\/\\\/www.bozsofalvi.hu\"],\"url\":\"https:\\\/\\\/bozsofalvi.hu\\\/home\\\/author\\\/bozso\\\/\"}]}<\/script>\n<!-- \/ Yoast SEO plugin. -->","yoast_head_json":{"title":"Vesz\u0151 fest\u00e9s","description":"Vesz\u0151 fest\u00e9s","robots":{"index":"index","follow":"follow","max-snippet":"max-snippet:-1","max-image-preview":"max-image-preview:large","max-video-preview":"max-video-preview:-1"},"canonical":"https:\/\/bozsofalvi.hu\/home\/2014\/10\/13\/veszo-festes\/","og_locale":"hu_HU","og_type":"article","og_title":"Vesz\u0151 fest\u00e9s","og_description":"Vesz\u0151 fest\u00e9s","og_url":"https:\/\/bozsofalvi.hu\/home\/2014\/10\/13\/veszo-festes\/","og_site_name":"\u00cdj\u00e1sz port\u00e1l","article_published_time":"2014-10-13T22:43:16+00:00","article_modified_time":"2016-04-05T10:24:31+00:00","og_image":[{"url":"http:\/\/bozsofalvi.hu\/home\/wp-content\/uploads\/2014\/10\/cso-145x300.jpg","type":"","width":"","height":""}],"author":"Bozs\u00f3ky Zolt\u00e1n","twitter_misc":{"Szerz\u0151:":"Bozs\u00f3ky Zolt\u00e1n","Becs\u00fclt olvas\u00e1si id\u0151":"3 perc"},"schema":{"@context":"https:\/\/schema.org","@graph":[{"@type":"Article","@id":"https:\/\/bozsofalvi.hu\/home\/2014\/10\/13\/veszo-festes\/#article","isPartOf":{"@id":"https:\/\/bozsofalvi.hu\/home\/2014\/10\/13\/veszo-festes\/"},"author":{"name":"Bozs\u00f3ky Zolt\u00e1n","@id":"https:\/\/bozsofalvi.hu\/home\/#\/schema\/person\/346f9b7d2b5fad6ca8191a59985f98a8"},"headline":"Vesz\u0151 fest\u00e9s","datePublished":"2014-10-13T22:43:16+00:00","dateModified":"2016-04-05T10:24:31+00:00","mainEntityOfPage":{"@id":"https:\/\/bozsofalvi.hu\/home\/2014\/10\/13\/veszo-festes\/"},"wordCount":666,"image":{"@id":"https:\/\/bozsofalvi.hu\/home\/2014\/10\/13\/veszo-festes\/#primaryimage"},"thumbnailUrl":"http:\/\/bozsofalvi.hu\/home\/wp-content\/uploads\/2014\/10\/cso-145x300.jpg","articleSection":["Ny\u00edlvessz\u0151 k\u00e9sz\u00edt\u00e9s"],"inLanguage":"hu"},{"@type":"WebPage","@id":"https:\/\/bozsofalvi.hu\/home\/2014\/10\/13\/veszo-festes\/","url":"https:\/\/bozsofalvi.hu\/home\/2014\/10\/13\/veszo-festes\/","name":"Vesz\u0151 fest\u00e9s","isPartOf":{"@id":"https:\/\/bozsofalvi.hu\/home\/#website"},"primaryImageOfPage":{"@id":"https:\/\/bozsofalvi.hu\/home\/2014\/10\/13\/veszo-festes\/#primaryimage"},"image":{"@id":"https:\/\/bozsofalvi.hu\/home\/2014\/10\/13\/veszo-festes\/#primaryimage"},"thumbnailUrl":"http:\/\/bozsofalvi.hu\/home\/wp-content\/uploads\/2014\/10\/cso-145x300.jpg","datePublished":"2014-10-13T22:43:16+00:00","dateModified":"2016-04-05T10:24:31+00:00","author":{"@id":"https:\/\/bozsofalvi.hu\/home\/#\/schema\/person\/346f9b7d2b5fad6ca8191a59985f98a8"},"description":"Vesz\u0151 fest\u00e9s","breadcrumb":{"@id":"https:\/\/bozsofalvi.hu\/home\/2014\/10\/13\/veszo-festes\/#breadcrumb"},"inLanguage":"hu","potentialAction":[{"@type":"ReadAction","target":["https:\/\/bozsofalvi.hu\/home\/2014\/10\/13\/veszo-festes\/"]}]},{"@type":"ImageObject","inLanguage":"hu","@id":"https:\/\/bozsofalvi.hu\/home\/2014\/10\/13\/veszo-festes\/#primaryimage","url":"http:\/\/bozsofalvi.hu\/home\/wp-content\/uploads\/2014\/10\/cso-145x300.jpg","contentUrl":"http:\/\/bozsofalvi.hu\/home\/wp-content\/uploads\/2014\/10\/cso-145x300.jpg"},{"@type":"BreadcrumbList","@id":"https:\/\/bozsofalvi.hu\/home\/2014\/10\/13\/veszo-festes\/#breadcrumb","itemListElement":[{"@type":"ListItem","position":1,"name":"Kezd\u0151lap","item":"https:\/\/bozsofalvi.hu\/home\/"},{"@type":"ListItem","position":2,"name":"Vesz\u0151 fest\u00e9s"}]},{"@type":"WebSite","@id":"https:\/\/bozsofalvi.hu\/home\/#website","url":"https:\/\/bozsofalvi.hu\/home\/","name":"\u00cdj\u00e1sz port\u00e1l","description":"","potentialAction":[{"@type":"SearchAction","target":{"@type":"EntryPoint","urlTemplate":"https:\/\/bozsofalvi.hu\/home\/?s={search_term_string}"},"query-input":{"@type":"PropertyValueSpecification","valueRequired":true,"valueName":"search_term_string"}}],"inLanguage":"hu"},{"@type":"Person","@id":"https:\/\/bozsofalvi.hu\/home\/#\/schema\/person\/346f9b7d2b5fad6ca8191a59985f98a8","name":"Bozs\u00f3ky Zolt\u00e1n","image":{"@type":"ImageObject","inLanguage":"hu","@id":"https:\/\/secure.gravatar.com\/avatar\/9a1b8f2033e7fb9a43c1bbfbe2413fddf3f1f415fe7f6ce26552efaf483229b7?s=96&d=mm&r=g","url":"https:\/\/secure.gravatar.com\/avatar\/9a1b8f2033e7fb9a43c1bbfbe2413fddf3f1f415fe7f6ce26552efaf483229b7?s=96&d=mm&r=g","contentUrl":"https:\/\/secure.gravatar.com\/avatar\/9a1b8f2033e7fb9a43c1bbfbe2413fddf3f1f415fe7f6ce26552efaf483229b7?s=96&d=mm&r=g","caption":"Bozs\u00f3ky Zolt\u00e1n"},"sameAs":["http:\/\/www.bozsofalvi.hu"],"url":"https:\/\/bozsofalvi.hu\/home\/author\/bozso\/"}]}},"_links":{"self":[{"href":"https:\/\/bozsofalvi.hu\/home\/wp-json\/wp\/v2\/posts\/157","targetHints":{"allow":["GET"]}}],"collection":[{"href":"https:\/\/bozsofalvi.hu\/home\/wp-json\/wp\/v2\/posts"}],"about":[{"href":"https:\/\/bozsofalvi.hu\/home\/wp-json\/wp\/v2\/types\/post"}],"author":[{"embeddable":true,"href":"https:\/\/bozsofalvi.hu\/home\/wp-json\/wp\/v2\/users\/2"}],"replies":[{"embeddable":true,"href":"https:\/\/bozsofalvi.hu\/home\/wp-json\/wp\/v2\/comments?post=157"}],"version-history":[{"count":4,"href":"https:\/\/bozsofalvi.hu\/home\/wp-json\/wp\/v2\/posts\/157\/revisions"}],"predecessor-version":[{"id":406,"href":"https:\/\/bozsofalvi.hu\/home\/wp-json\/wp\/v2\/posts\/157\/revisions\/406"}],"wp:attachment":[{"href":"https:\/\/bozsofalvi.hu\/home\/wp-json\/wp\/v2\/media?parent=157"}],"wp:term":[{"taxonomy":"category","embeddable":true,"href":"https:\/\/bozsofalvi.hu\/home\/wp-json\/wp\/v2\/categories?post=157"},{"taxonomy":"post_tag","embeddable":true,"href":"https:\/\/bozsofalvi.hu\/home\/wp-json\/wp\/v2\/tags?post=157"}],"curies":[{"name":"wp","href":"https:\/\/api.w.org\/{rel}","templated":true}]}}