{"id":178,"date":"2014-10-14T08:29:17","date_gmt":"2014-10-14T08:29:17","guid":{"rendered":"http:\/\/bozsofalvi.hu\/home\/?p=178"},"modified":"2016-04-05T09:30:22","modified_gmt":"2016-04-05T09:30:22","slug":"kulcs-a-tortenelemhez","status":"publish","type":"post","link":"https:\/\/bozsofalvi.hu\/home\/2014\/10\/14\/kulcs-a-tortenelemhez\/","title":{"rendered":"Kulcs a t\u00f6rt\u00e9nelemhez"},"content":{"rendered":"<h2>\n\tAz &iacute;j&aacute;szat k&eacute;zik&ouml;nyve<br \/>\n<\/h2>\n<h4>\n\t&nbsp;<br \/>\n<\/h4>\n<h4>\n\tAj&aacute;nd&eacute;kba kaptam a k&ouml;nyvet. El\u0151sz&ouml;r f&eacute;lretette, majd elolvasom.&nbsp; Egy d&eacute;lut&aacute;n el\u0151vettem, &eacute;s egyhuzamban v&eacute;gig olvastam. Aj&aacute;nlom mindenkinek, aki most ismerkedik az &iacute;j&aacute;szattal, de aj&aacute;nlom olyanoknak is akik m&aacute;r r&eacute;gebben gyakorolj&aacute;k az &iacute;j fesz&iacute;t&eacute;st.<br \/>\n<\/h4>\n<h4>\n\t&nbsp;<a href=\"http:\/\/bozsofalvi.hu\/home\/wp-content\/uploads\/2014\/10\/Kulcs-a-t\u00f6rt\u00e9nelemhez.jpg\"><img loading=\"lazy\" decoding=\"async\" alt=\"Kulcs a t\u00f6rt\u00e9nelemhez\" class=\"alignnone size-full wp-image-179\" height=\"283\" src=\"http:\/\/bozsofalvi.hu\/home\/wp-content\/uploads\/2014\/10\/Kulcs-a-t\u00f6rt\u00e9nelemhez.jpg\" width=\"283\" srcset=\"https:\/\/bozsofalvi.hu\/home\/wp-content\/uploads\/2014\/10\/Kulcs-a-t\u00f6rt\u00e9nelemhez.jpg 283w, https:\/\/bozsofalvi.hu\/home\/wp-content\/uploads\/2014\/10\/Kulcs-a-t\u00f6rt\u00e9nelemhez-150x150.jpg 150w\" sizes=\"auto, (max-width: 283px) 100vw, 283px\" \/><\/a><br \/>\n<\/h4>\n<h4>\n\t&nbsp;<br \/>\n<\/h4>\n<h4>\n\t&Iacute;r&oacute;k : &nbsp; Horv&aacute;th Zsolt<br \/>\n<\/h4>\n<h4>\n\t&nbsp;&nbsp;&nbsp;&nbsp;&nbsp;&nbsp;&nbsp;&nbsp;&nbsp;&nbsp;&nbsp; M&aacute;ty&aacute;s &ndash; Kulcs&aacute;r &Eacute;va<br \/>\n<\/h4>\n<h4>\n\t&nbsp;&nbsp;&nbsp;&nbsp;&nbsp;&nbsp;&nbsp;&nbsp;&nbsp;&nbsp;&nbsp; M&aacute;ty&aacute;s Szabolcs.<br \/>\n<\/h4>\n<h4>\n\tkiad&aacute;s: 2009<br \/>\n<\/h4>\n<h4>\n\tEl\u0151sz&ouml;r kezdem a negat&iacute;vumokkal, hogy ut&aacute;na dics&eacute;rhessem.<br \/>\n<\/h4>\n<ul>\n<li>\n<h4>\n\t\t\tNekem egy kicsit magyarkod&oacute;ra siker&uuml;lt, &eacute;s tal&aacute;n 100 &eacute;v m&uacute;lva nem fogj&aacute;k tudni, hogy a benne szerepl\u0151 politikus ki is volt, &eacute;s mit is csin&aacute;lt. (legal&aacute;bb is rem&eacute;lem J)<br \/>\n\t\t<\/h4>\n<\/li>\n<li>\n<h4>\n\t\t\tA m&aacute;sik probl&eacute;m&aacute;m, hogy eml&iacute;tenek benne egy magyar hadvez&eacute;rt &rdquo;&eacute;s itt jegyezn&eacute;m meg, hogy t&eacute;nyleg nem tudtam r&oacute;la&rdquo; akir\u0151l szinte semmit nem &iacute;rnak le a k&ouml;nyvben, csak annyit &iacute;rnak, hogy l&eacute;tezett. Ezt a hi&aacute;nyt megpr&oacute;b&aacute;lom p&oacute;tolni &eacute;s erre a weblapra feltenni.<br \/>\n\t\t<\/h4>\n<\/li>\n<\/ul>\n<h4>\n\tEnnyit a negat&iacute;vumokr&oacute;l t&ouml;bbet a legnagyobb rosszindulattal sem tudn&eacute;k &iacute;rni.<br \/>\n<\/h4>\n<h4>\n\tSz&oacute;val. A k&ouml;nyv letehetetlen. Csak &uacute;gy &eacute;rdemes elkezdeni, hogy van egy szabad d&eacute;lut&aacute;n illetve a napi programot lemondani. Van benne k&ouml;nyvjelz\u0151, de feleselgessen. &Uacute;gy sem haszn&aacute;lja az ember.<br \/>\n<\/h4>\n<h4>\n\tA k&ouml;nyv nagyvonalakban le&iacute;rja az &iacute;j t&ouml;rt&eacute;nelm&eacute;t. Nem r&eacute;szletekbe men\u0151, de ad alapot a t&ouml;bbi fejezethez.<br \/>\n<\/h4>\n<h4>\n\tA k&ouml;vetkez\u0151 fejezetben kapunk egy &aacute;ttekint&eacute;st, hogy mi is az amit a kez&uuml;nkben tartunk &iacute;j&aacute;szkod&aacute;skor. A fa szerkezet&eacute;t\u0151l a idegig mindent elmagyar&aacute;z. Felhaszn&aacute;lt anyagokat anyag tulajdons&aacute;gokat. B&aacute;r itt jegyezn&eacute;m meg, hogy m&aacute;r pr&oacute;b&aacute;ltam keresni az &iacute;jak csoportos&iacute;t&aacute;s&aacute;t mindenfel&eacute;, &eacute;s mindenhol azt tal&aacute;ltam, hogy nagyon sokr&eacute;t\u0171s&eacute;ge miatt ez neh&eacute;z feladat. A k&ouml;nyv v&aacute;llalkozik r&aacute;. Saj&aacute;t elhat&aacute;roz&aacute;som, hogy &eacute;n is megpr&oacute;b&aacute;lom, &eacute;s alapul e k&ouml;nyvet veszem. Szerintem az itt le&iacute;rt csoportok lefedik az &iacute;jakat, de tal&aacute;n lehet m&eacute;g &aacute;rnyalni rajta. Gondolom ez a k&ouml;nyv terjedelme miatt is van, de h&aacute;t &iacute;gy sz&eacute;pen elrendezi, &eacute;s &aacute;ttekinthet\u0151.<br \/>\n<\/h4>\n<h4>\n\tAz utols&oacute; fejezetben hasznos tan&aacute;csokkal l&aacute;tnak el minket. Az els\u0151 &iacute;j v&aacute;s&aacute;rl&aacute;s&aacute;nak neh&eacute;zs&eacute;geit\u0151l az ajz&aacute;son &aacute;t az els\u0151 l&ouml;v&eacute;sig. A v&eacute;g&eacute;n tal&aacute;lhat&oacute; egy egyszer\u0171, &aacute;m kezd&eacute;skor hasznos kislexikon.<br \/>\n<\/h4>\n<h4>\n\t&Ouml;sszefoglalva csak ennyit: OLVASD EL &Eacute;RDEMES.<br \/>\n<\/h4>\n<h4>\n\t&nbsp;<br \/>\n<\/h4>\n<h4>\n\tA k&ouml;nyv nagyon sok seg&iacute;ts&eacute;get ny&uacute;jt. E weblap tov&aacute;bb fejleszt&eacute;s&eacute;hez is felhaszn&aacute;lom &ouml;tleteit, de egy kicsit pr&oacute;b&aacute;lom b\u0151v&iacute;teni. A negat&iacute;vumokn&aacute;l eml&iacute;tett t&ouml;rt&eacute;nelmi szem&eacute;ly Bulcs&uacute; horka. Kutatok ut&aacute;na, &eacute;s kutat&aacute;s k&ouml;zben &eacute;rdekes dolgokat fedezek fel. Kassai Lajos szerint az &iacute;j&aacute;szat elsaj&aacute;t&iacute;t&aacute;sa KB 10 &eacute;v. Ha j&oacute;l vettem ki szavaik nem csak a lovas, de a talpas &iacute;j&aacute;szatr&oacute;l is besz&eacute;lt. E k&ouml;nyv &aacute;ll&iacute;t&aacute;sa szerint az &iacute;j haszn&aacute;lat a magyar v&eacute;r&eacute;ben van. &Eacute;s &eacute;rdekes, hogy mind a kett\u0151 igaz. M&eacute;g eml&eacute;kszem, hogy az els\u0151 olyan l&ouml;v&eacute;s, amikor egy&aacute;ltal&aacute;n a t&aacute;bl&aacute;t eltal&aacute;ltam milyen gyorsan elj&ouml;tt. &Eacute;rzem, hogy a tudatos &iacute;j haszn&aacute;latkor milyen neh&eacute;z eltal&aacute;lni a c&eacute;lt&aacute;bla k&ouml;zep&eacute;t, de azt is &eacute;rzem, hogy amikor a vesz\u0151m a c&eacute;l k&ouml;zep&eacute;be f&uacute;r&oacute;dik milyen k&ouml;nnyed, szinte &ouml;ntudatlanul l&ouml;v&ouml;k. Mik ezek, ha nem a g&eacute;nek. F&eacute;lre&eacute;rt&eacute;s elker&uuml;l&eacute;se v&eacute;get elmondan&aacute;m, hogy &eacute;n nem szeretek magyarkodni, nem az &eacute;n st&iacute;lusom, &eacute;n csak egy &eacute;rz&eacute;st &iacute;rok le, de micsoda&eacute;rz&eacute;st. 2009 szeptember&eacute;ben kezdtem az &iacute;jfesz&iacute;t&eacute;st, de az &oacute;ta nem telik el, nap, hogy valami m&oacute;don ne foglalkozn&eacute;k az &iacute;j&aacute;szattal, ha m&aacute;sk&eacute;nt nem gondolatban.<br \/>\n<\/h4>\n<h4>\n\tEgy kicsit elkalandoztam, de valahogy idek&iacute;v&aacute;nkozott e k&ouml;nyv v&eacute;g&eacute;re.<br \/>\n<\/h4>\n<h4>\n\t&nbsp;<br \/>\n<\/h4>\n<h4>\n\t&nbsp;<br \/>\n<\/h4>\n<h4>\n\t&nbsp;<br \/>\n<\/h4>\n<h6>\n\tV:4.0<br \/>\n<\/h6>\n","protected":false},"excerpt":{"rendered":"<p>Az &iacute;j&aacute;szat k&eacute;zik&ouml;nyve &nbsp; Aj&aacute;nd&eacute;kba kaptam a k&ouml;nyvet. El\u0151sz&ouml;r f&eacute;lretette, majd elolvasom.&nbsp; Egy d&eacute;lut&aacute;n el\u0151vettem, &eacute;s egyhuzamban v&eacute;gig olvastam. Aj&aacute;nlom mindenkinek, aki most ismerkedik az &iacute;j&aacute;szattal, de aj&aacute;nlom olyanoknak is akik m&aacute;r r&eacute;gebben gyakorolj&aacute;k az &iacute;j fesz&iacute;t&eacute;st. &nbsp; &nbsp; &Iacute;r&oacute;k : &nbsp; Horv&aacute;th Zsolt &nbsp;&nbsp;&nbsp;&nbsp;&nbsp;&nbsp;&nbsp;&nbsp;&nbsp;&nbsp;&nbsp; M&aacute;ty&aacute;s &ndash; Kulcs&aacute;r &Eacute;va &nbsp;&nbsp;&nbsp;&nbsp;&nbsp;&nbsp;&nbsp;&nbsp;&nbsp;&nbsp;&nbsp; M&aacute;ty&aacute;s Szabolcs. kiad&aacute;s: 2009 El\u0151sz&ouml;r &hellip; <a href=\"https:\/\/bozsofalvi.hu\/home\/2014\/10\/14\/kulcs-a-tortenelemhez\/\" class=\"more-link\">B\u0151vebben&#8230; <span class=\"meta-nav\">&rarr;<\/span><\/a><\/p>\n","protected":false},"author":2,"featured_media":0,"comment_status":"closed","ping_status":"closed","sticky":false,"template":"","format":"standard","meta":{"footnotes":""},"categories":[11],"tags":[],"class_list":["post-178","post","type-post","status-publish","format-standard","hentry","category-olvastuk"],"yoast_head":"<!-- This site is optimized with the Yoast SEO plugin v27.3 - https:\/\/yoast.com\/product\/yoast-seo-wordpress\/ -->\n<title>Az \u00edj\u00e1szat k\u00e9zik\u00f6nyve<\/title>\n<meta name=\"description\" content=\"Az \u00edj\u00e1szat k\u00e9zik\u00f6nyve\" \/>\n<meta name=\"robots\" content=\"index, follow, max-snippet:-1, max-image-preview:large, max-video-preview:-1\" \/>\n<link rel=\"canonical\" href=\"https:\/\/bozsofalvi.hu\/home\/2014\/10\/14\/kulcs-a-tortenelemhez\/\" \/>\n<meta property=\"og:locale\" content=\"hu_HU\" \/>\n<meta property=\"og:type\" content=\"article\" \/>\n<meta property=\"og:title\" content=\"Az \u00edj\u00e1szat k\u00e9zik\u00f6nyve\" \/>\n<meta property=\"og:description\" content=\"Az \u00edj\u00e1szat k\u00e9zik\u00f6nyve\" \/>\n<meta property=\"og:url\" content=\"https:\/\/bozsofalvi.hu\/home\/2014\/10\/14\/kulcs-a-tortenelemhez\/\" \/>\n<meta property=\"og:site_name\" content=\"\u00cdj\u00e1sz port\u00e1l\" \/>\n<meta property=\"article:published_time\" content=\"2014-10-14T08:29:17+00:00\" \/>\n<meta property=\"article:modified_time\" content=\"2016-04-05T09:30:22+00:00\" \/>\n<meta property=\"og:image\" content=\"http:\/\/bozsofalvi.hu\/home\/wp-content\/uploads\/2014\/10\/Kulcs-a-t\u00f6rt\u00e9nelemhez.jpg\" \/>\n<meta name=\"author\" content=\"Bozs\u00f3ky Zolt\u00e1n\" \/>\n<meta name=\"twitter:label1\" content=\"Szerz\u0151:\" \/>\n\t<meta name=\"twitter:data1\" content=\"Bozs\u00f3ky Zolt\u00e1n\" \/>\n\t<meta name=\"twitter:label2\" content=\"Becs\u00fclt olvas\u00e1si id\u0151\" \/>\n\t<meta name=\"twitter:data2\" content=\"5 perc\" \/>\n<script type=\"application\/ld+json\" class=\"yoast-schema-graph\">{\"@context\":\"https:\\\/\\\/schema.org\",\"@graph\":[{\"@type\":\"Article\",\"@id\":\"https:\\\/\\\/bozsofalvi.hu\\\/home\\\/2014\\\/10\\\/14\\\/kulcs-a-tortenelemhez\\\/#article\",\"isPartOf\":{\"@id\":\"https:\\\/\\\/bozsofalvi.hu\\\/home\\\/2014\\\/10\\\/14\\\/kulcs-a-tortenelemhez\\\/\"},\"author\":{\"name\":\"Bozs\u00f3ky Zolt\u00e1n\",\"@id\":\"https:\\\/\\\/bozsofalvi.hu\\\/home\\\/#\\\/schema\\\/person\\\/346f9b7d2b5fad6ca8191a59985f98a8\"},\"headline\":\"Kulcs a t\u00f6rt\u00e9nelemhez\",\"datePublished\":\"2014-10-14T08:29:17+00:00\",\"dateModified\":\"2016-04-05T09:30:22+00:00\",\"mainEntityOfPage\":{\"@id\":\"https:\\\/\\\/bozsofalvi.hu\\\/home\\\/2014\\\/10\\\/14\\\/kulcs-a-tortenelemhez\\\/\"},\"wordCount\":997,\"articleSection\":[\"Olvastuk\"],\"inLanguage\":\"hu\"},{\"@type\":\"WebPage\",\"@id\":\"https:\\\/\\\/bozsofalvi.hu\\\/home\\\/2014\\\/10\\\/14\\\/kulcs-a-tortenelemhez\\\/\",\"url\":\"https:\\\/\\\/bozsofalvi.hu\\\/home\\\/2014\\\/10\\\/14\\\/kulcs-a-tortenelemhez\\\/\",\"name\":\"Az \u00edj\u00e1szat k\u00e9zik\u00f6nyve\",\"isPartOf\":{\"@id\":\"https:\\\/\\\/bozsofalvi.hu\\\/home\\\/#website\"},\"datePublished\":\"2014-10-14T08:29:17+00:00\",\"dateModified\":\"2016-04-05T09:30:22+00:00\",\"author\":{\"@id\":\"https:\\\/\\\/bozsofalvi.hu\\\/home\\\/#\\\/schema\\\/person\\\/346f9b7d2b5fad6ca8191a59985f98a8\"},\"description\":\"Az \u00edj\u00e1szat k\u00e9zik\u00f6nyve\",\"breadcrumb\":{\"@id\":\"https:\\\/\\\/bozsofalvi.hu\\\/home\\\/2014\\\/10\\\/14\\\/kulcs-a-tortenelemhez\\\/#breadcrumb\"},\"inLanguage\":\"hu\",\"potentialAction\":[{\"@type\":\"ReadAction\",\"target\":[\"https:\\\/\\\/bozsofalvi.hu\\\/home\\\/2014\\\/10\\\/14\\\/kulcs-a-tortenelemhez\\\/\"]}]},{\"@type\":\"BreadcrumbList\",\"@id\":\"https:\\\/\\\/bozsofalvi.hu\\\/home\\\/2014\\\/10\\\/14\\\/kulcs-a-tortenelemhez\\\/#breadcrumb\",\"itemListElement\":[{\"@type\":\"ListItem\",\"position\":1,\"name\":\"Kezd\u0151lap\",\"item\":\"https:\\\/\\\/bozsofalvi.hu\\\/home\\\/\"},{\"@type\":\"ListItem\",\"position\":2,\"name\":\"Kulcs a t\u00f6rt\u00e9nelemhez\"}]},{\"@type\":\"WebSite\",\"@id\":\"https:\\\/\\\/bozsofalvi.hu\\\/home\\\/#website\",\"url\":\"https:\\\/\\\/bozsofalvi.hu\\\/home\\\/\",\"name\":\"\u00cdj\u00e1sz port\u00e1l\",\"description\":\"\",\"potentialAction\":[{\"@type\":\"SearchAction\",\"target\":{\"@type\":\"EntryPoint\",\"urlTemplate\":\"https:\\\/\\\/bozsofalvi.hu\\\/home\\\/?s={search_term_string}\"},\"query-input\":{\"@type\":\"PropertyValueSpecification\",\"valueRequired\":true,\"valueName\":\"search_term_string\"}}],\"inLanguage\":\"hu\"},{\"@type\":\"Person\",\"@id\":\"https:\\\/\\\/bozsofalvi.hu\\\/home\\\/#\\\/schema\\\/person\\\/346f9b7d2b5fad6ca8191a59985f98a8\",\"name\":\"Bozs\u00f3ky Zolt\u00e1n\",\"image\":{\"@type\":\"ImageObject\",\"inLanguage\":\"hu\",\"@id\":\"https:\\\/\\\/secure.gravatar.com\\\/avatar\\\/9a1b8f2033e7fb9a43c1bbfbe2413fddf3f1f415fe7f6ce26552efaf483229b7?s=96&d=mm&r=g\",\"url\":\"https:\\\/\\\/secure.gravatar.com\\\/avatar\\\/9a1b8f2033e7fb9a43c1bbfbe2413fddf3f1f415fe7f6ce26552efaf483229b7?s=96&d=mm&r=g\",\"contentUrl\":\"https:\\\/\\\/secure.gravatar.com\\\/avatar\\\/9a1b8f2033e7fb9a43c1bbfbe2413fddf3f1f415fe7f6ce26552efaf483229b7?s=96&d=mm&r=g\",\"caption\":\"Bozs\u00f3ky Zolt\u00e1n\"},\"sameAs\":[\"http:\\\/\\\/www.bozsofalvi.hu\"],\"url\":\"https:\\\/\\\/bozsofalvi.hu\\\/home\\\/author\\\/bozso\\\/\"}]}<\/script>\n<!-- \/ Yoast SEO plugin. -->","yoast_head_json":{"title":"Az \u00edj\u00e1szat k\u00e9zik\u00f6nyve","description":"Az \u00edj\u00e1szat k\u00e9zik\u00f6nyve","robots":{"index":"index","follow":"follow","max-snippet":"max-snippet:-1","max-image-preview":"max-image-preview:large","max-video-preview":"max-video-preview:-1"},"canonical":"https:\/\/bozsofalvi.hu\/home\/2014\/10\/14\/kulcs-a-tortenelemhez\/","og_locale":"hu_HU","og_type":"article","og_title":"Az \u00edj\u00e1szat k\u00e9zik\u00f6nyve","og_description":"Az \u00edj\u00e1szat k\u00e9zik\u00f6nyve","og_url":"https:\/\/bozsofalvi.hu\/home\/2014\/10\/14\/kulcs-a-tortenelemhez\/","og_site_name":"\u00cdj\u00e1sz port\u00e1l","article_published_time":"2014-10-14T08:29:17+00:00","article_modified_time":"2016-04-05T09:30:22+00:00","og_image":[{"url":"http:\/\/bozsofalvi.hu\/home\/wp-content\/uploads\/2014\/10\/Kulcs-a-t\u00f6rt\u00e9nelemhez.jpg","type":"","width":"","height":""}],"author":"Bozs\u00f3ky Zolt\u00e1n","twitter_misc":{"Szerz\u0151:":"Bozs\u00f3ky Zolt\u00e1n","Becs\u00fclt olvas\u00e1si id\u0151":"5 perc"},"schema":{"@context":"https:\/\/schema.org","@graph":[{"@type":"Article","@id":"https:\/\/bozsofalvi.hu\/home\/2014\/10\/14\/kulcs-a-tortenelemhez\/#article","isPartOf":{"@id":"https:\/\/bozsofalvi.hu\/home\/2014\/10\/14\/kulcs-a-tortenelemhez\/"},"author":{"name":"Bozs\u00f3ky Zolt\u00e1n","@id":"https:\/\/bozsofalvi.hu\/home\/#\/schema\/person\/346f9b7d2b5fad6ca8191a59985f98a8"},"headline":"Kulcs a t\u00f6rt\u00e9nelemhez","datePublished":"2014-10-14T08:29:17+00:00","dateModified":"2016-04-05T09:30:22+00:00","mainEntityOfPage":{"@id":"https:\/\/bozsofalvi.hu\/home\/2014\/10\/14\/kulcs-a-tortenelemhez\/"},"wordCount":997,"articleSection":["Olvastuk"],"inLanguage":"hu"},{"@type":"WebPage","@id":"https:\/\/bozsofalvi.hu\/home\/2014\/10\/14\/kulcs-a-tortenelemhez\/","url":"https:\/\/bozsofalvi.hu\/home\/2014\/10\/14\/kulcs-a-tortenelemhez\/","name":"Az \u00edj\u00e1szat k\u00e9zik\u00f6nyve","isPartOf":{"@id":"https:\/\/bozsofalvi.hu\/home\/#website"},"datePublished":"2014-10-14T08:29:17+00:00","dateModified":"2016-04-05T09:30:22+00:00","author":{"@id":"https:\/\/bozsofalvi.hu\/home\/#\/schema\/person\/346f9b7d2b5fad6ca8191a59985f98a8"},"description":"Az \u00edj\u00e1szat k\u00e9zik\u00f6nyve","breadcrumb":{"@id":"https:\/\/bozsofalvi.hu\/home\/2014\/10\/14\/kulcs-a-tortenelemhez\/#breadcrumb"},"inLanguage":"hu","potentialAction":[{"@type":"ReadAction","target":["https:\/\/bozsofalvi.hu\/home\/2014\/10\/14\/kulcs-a-tortenelemhez\/"]}]},{"@type":"BreadcrumbList","@id":"https:\/\/bozsofalvi.hu\/home\/2014\/10\/14\/kulcs-a-tortenelemhez\/#breadcrumb","itemListElement":[{"@type":"ListItem","position":1,"name":"Kezd\u0151lap","item":"https:\/\/bozsofalvi.hu\/home\/"},{"@type":"ListItem","position":2,"name":"Kulcs a t\u00f6rt\u00e9nelemhez"}]},{"@type":"WebSite","@id":"https:\/\/bozsofalvi.hu\/home\/#website","url":"https:\/\/bozsofalvi.hu\/home\/","name":"\u00cdj\u00e1sz port\u00e1l","description":"","potentialAction":[{"@type":"SearchAction","target":{"@type":"EntryPoint","urlTemplate":"https:\/\/bozsofalvi.hu\/home\/?s={search_term_string}"},"query-input":{"@type":"PropertyValueSpecification","valueRequired":true,"valueName":"search_term_string"}}],"inLanguage":"hu"},{"@type":"Person","@id":"https:\/\/bozsofalvi.hu\/home\/#\/schema\/person\/346f9b7d2b5fad6ca8191a59985f98a8","name":"Bozs\u00f3ky Zolt\u00e1n","image":{"@type":"ImageObject","inLanguage":"hu","@id":"https:\/\/secure.gravatar.com\/avatar\/9a1b8f2033e7fb9a43c1bbfbe2413fddf3f1f415fe7f6ce26552efaf483229b7?s=96&d=mm&r=g","url":"https:\/\/secure.gravatar.com\/avatar\/9a1b8f2033e7fb9a43c1bbfbe2413fddf3f1f415fe7f6ce26552efaf483229b7?s=96&d=mm&r=g","contentUrl":"https:\/\/secure.gravatar.com\/avatar\/9a1b8f2033e7fb9a43c1bbfbe2413fddf3f1f415fe7f6ce26552efaf483229b7?s=96&d=mm&r=g","caption":"Bozs\u00f3ky Zolt\u00e1n"},"sameAs":["http:\/\/www.bozsofalvi.hu"],"url":"https:\/\/bozsofalvi.hu\/home\/author\/bozso\/"}]}},"_links":{"self":[{"href":"https:\/\/bozsofalvi.hu\/home\/wp-json\/wp\/v2\/posts\/178","targetHints":{"allow":["GET"]}}],"collection":[{"href":"https:\/\/bozsofalvi.hu\/home\/wp-json\/wp\/v2\/posts"}],"about":[{"href":"https:\/\/bozsofalvi.hu\/home\/wp-json\/wp\/v2\/types\/post"}],"author":[{"embeddable":true,"href":"https:\/\/bozsofalvi.hu\/home\/wp-json\/wp\/v2\/users\/2"}],"replies":[{"embeddable":true,"href":"https:\/\/bozsofalvi.hu\/home\/wp-json\/wp\/v2\/comments?post=178"}],"version-history":[{"count":2,"href":"https:\/\/bozsofalvi.hu\/home\/wp-json\/wp\/v2\/posts\/178\/revisions"}],"predecessor-version":[{"id":404,"href":"https:\/\/bozsofalvi.hu\/home\/wp-json\/wp\/v2\/posts\/178\/revisions\/404"}],"wp:attachment":[{"href":"https:\/\/bozsofalvi.hu\/home\/wp-json\/wp\/v2\/media?parent=178"}],"wp:term":[{"taxonomy":"category","embeddable":true,"href":"https:\/\/bozsofalvi.hu\/home\/wp-json\/wp\/v2\/categories?post=178"},{"taxonomy":"post_tag","embeddable":true,"href":"https:\/\/bozsofalvi.hu\/home\/wp-json\/wp\/v2\/tags?post=178"}],"curies":[{"name":"wp","href":"https:\/\/api.w.org\/{rel}","templated":true}]}}